{"id":4525,"date":"2023-07-07T13:45:17","date_gmt":"2023-07-07T11:45:17","guid":{"rendered":"https:\/\/www.festicheyres.ch\/?p=4525"},"modified":"2023-07-07T13:49:21","modified_gmt":"2023-07-07T11:49:21","slug":"festicheyres-a-la-cafete-de-radiofr","status":"publish","type":"post","link":"https:\/\/www.festicheyres.ch\/festicheyres-a-la-cafete-de-radiofr\/","title":{"rendered":"Festi&rsquo;Cheyres \u00e0 la Caf\u00e8te de RadioFR"},"content":{"rendered":"\n<p>On a eu le plaisir de passer au micro de Thierry Savary dans l&rsquo;\u00e9mission \u00ab\u00a0La Caf\u00e8te\u00a0\u00bb sur Radio Fribourg!<br>L&rsquo;\u00e9mission est dispo ici (2 parties) :<\/p>\n\n\n\n<div style=\"height:50px\" aria-hidden=\"true\" class=\"wp-block-spacer\"><\/div>\n\n\n\n<iframe loading=\"lazy\" src=\"https:\/\/www.mixcloud.com\/widget\/iframe\/?hide_cover=1&amp;light=1&amp;feed=%2Ffesticheyres%2Ffesticheyres-%C3%A0-la-caf%C3%A8te-de-radiofr-part-1%2F\" width=\"100%\" height=\"120\" frameborder=\"0\"><\/iframe>\n\n\n\n<iframe loading=\"lazy\" src=\"https:\/\/www.mixcloud.com\/widget\/iframe\/?hide_cover=1&amp;light=1&amp;feed=%2Ffesticheyres%2Ffesticheyres-%C3%A0-la-caf%C3%A8te-de-radiofr-part-2%2F\" width=\"100%\" height=\"120\" frameborder=\"0\"><\/iframe>\n\n\n\n<div style=\"height:50px\" aria-hidden=\"true\" class=\"wp-block-spacer\"><\/div>\n\n\n\n<p>Tu y retrouveras toutes les b\u00eatises racont\u00e9es, mais surtout toutes les infos et le d\u00e9tail de la prog!<br>Un grand merci \u00e0 RadioFr. pour l&rsquo;accueil, et on se r\u00e9jouit de les retrouver en direct depuis la plage de Cheyres le 8 juillet!<\/p>\n","protected":false},"excerpt":{"rendered":"<p>On a eu le plaisir de passer au micro de Thierry Savary dans l&rsquo;\u00e9mission \u00ab\u00a0La Caf\u00e8te\u00a0\u00bb sur Radio Fribourg!L&rsquo;\u00e9mission est dispo ici (2 parties) : Tu y retrouveras toutes les b\u00eatises racont\u00e9es, mais surtout toutes les infos et le d\u00e9tail de la prog!Un grand merci \u00e0 RadioFr. pour l&rsquo;accueil, et on se r\u00e9jouit de les<\/p>\n","protected":false},"author":1,"featured_media":3882,"comment_status":"closed","ping_status":"open","sticky":false,"template":"","format":"standard","meta":[],"categories":[1],"tags":[],"acf":[],"_links":{"self":[{"href":"https:\/\/www.festicheyres.ch\/wp-json\/wp\/v2\/posts\/4525"}],"collection":[{"href":"https:\/\/www.festicheyres.ch\/wp-json\/wp\/v2\/posts"}],"about":[{"href":"https:\/\/www.festicheyres.ch\/wp-json\/wp\/v2\/types\/post"}],"author":[{"embeddable":true,"href":"https:\/\/www.festicheyres.ch\/wp-json\/wp\/v2\/users\/1"}],"replies":[{"embeddable":true,"href":"https:\/\/www.festicheyres.ch\/wp-json\/wp\/v2\/comments?post=4525"}],"version-history":[{"count":5,"href":"https:\/\/www.festicheyres.ch\/wp-json\/wp\/v2\/posts\/4525\/revisions"}],"predecessor-version":[{"id":4531,"href":"https:\/\/www.festicheyres.ch\/wp-json\/wp\/v2\/posts\/4525\/revisions\/4531"}],"wp:featuredmedia":[{"embeddable":true,"href":"https:\/\/www.festicheyres.ch\/wp-json\/wp\/v2\/media\/3882"}],"wp:attachment":[{"href":"https:\/\/www.festicheyres.ch\/wp-json\/wp\/v2\/media?parent=4525"}],"wp:term":[{"taxonomy":"category","embeddable":true,"href":"https:\/\/www.festicheyres.ch\/wp-json\/wp\/v2\/categories?post=4525"},{"taxonomy":"post_tag","embeddable":true,"href":"https:\/\/www.festicheyres.ch\/wp-json\/wp\/v2\/tags?post=4525"}],"curies":[{"name":"wp","href":"https:\/\/api.w.org\/{rel}","templated":true}]}}