{"id":4515,"date":"2023-07-07T13:22:39","date_gmt":"2023-07-07T11:22:39","guid":{"rendered":"https:\/\/www.festicheyres.ch\/?p=4515"},"modified":"2023-07-07T13:24:08","modified_gmt":"2023-07-07T11:24:08","slug":"bel-article-dans-la-broye-et-annonce-du-depart-prochain-de-notre-presidente","status":"publish","type":"post","link":"https:\/\/www.festicheyres.ch\/bel-article-dans-la-broye-et-annonce-du-depart-prochain-de-notre-presidente\/","title":{"rendered":"Bel article dans la Broye et annonce du d\u00e9part prochain de notre pr\u00e9sidente !"},"content":{"rendered":"\n<p>Raison de plus pour faire une \u00e9dition qui va tout d\u00e9tonner ! Voyez plut\u00f4t l&rsquo;article \ud83d\ude42<\/p>\n\n\n\n<p><\/p>\n\n\n\n<figure class=\"wp-block-image size-large\"><a href=\"https:\/\/www.festicheyres.ch\/wp-content\/uploads\/2023\/07\/2023-07-06_LaBroye_Festicheyres.pdf\" target=\"_blank\" rel=\"noreferrer noopener\"><img decoding=\"async\" loading=\"lazy\" width=\"1024\" height=\"754\" src=\"https:\/\/www.festicheyres.ch\/wp-content\/uploads\/2023\/07\/2023-07-06_LaBroye_Festicheyres-1024x754.jpg\" alt=\"\" class=\"wp-image-4516\" srcset=\"https:\/\/www.festicheyres.ch\/wp-content\/uploads\/2023\/07\/2023-07-06_LaBroye_Festicheyres-1024x754.jpg 1024w, https:\/\/www.festicheyres.ch\/wp-content\/uploads\/2023\/07\/2023-07-06_LaBroye_Festicheyres-300x221.jpg 300w, https:\/\/www.festicheyres.ch\/wp-content\/uploads\/2023\/07\/2023-07-06_LaBroye_Festicheyres-768x565.jpg 768w, https:\/\/www.festicheyres.ch\/wp-content\/uploads\/2023\/07\/2023-07-06_LaBroye_Festicheyres-806x593.jpg 806w, https:\/\/www.festicheyres.ch\/wp-content\/uploads\/2023\/07\/2023-07-06_LaBroye_Festicheyres-558x411.jpg 558w, https:\/\/www.festicheyres.ch\/wp-content\/uploads\/2023\/07\/2023-07-06_LaBroye_Festicheyres-655x482.jpg 655w, https:\/\/www.festicheyres.ch\/wp-content\/uploads\/2023\/07\/2023-07-06_LaBroye_Festicheyres.jpg 1117w\" sizes=\"(max-width: 1024px) 100vw, 1024px\" \/><\/a><\/figure>\n","protected":false},"excerpt":{"rendered":"<p>Raison de plus pour faire une \u00e9dition qui va tout d\u00e9tonner ! Voyez plut\u00f4t l&rsquo;article \ud83d\ude42<\/p>\n","protected":false},"author":1,"featured_media":4516,"comment_status":"closed","ping_status":"open","sticky":false,"template":"","format":"standard","meta":[],"categories":[1],"tags":[],"acf":[],"_links":{"self":[{"href":"https:\/\/www.festicheyres.ch\/wp-json\/wp\/v2\/posts\/4515"}],"collection":[{"href":"https:\/\/www.festicheyres.ch\/wp-json\/wp\/v2\/posts"}],"about":[{"href":"https:\/\/www.festicheyres.ch\/wp-json\/wp\/v2\/types\/post"}],"author":[{"embeddable":true,"href":"https:\/\/www.festicheyres.ch\/wp-json\/wp\/v2\/users\/1"}],"replies":[{"embeddable":true,"href":"https:\/\/www.festicheyres.ch\/wp-json\/wp\/v2\/comments?post=4515"}],"version-history":[{"count":1,"href":"https:\/\/www.festicheyres.ch\/wp-json\/wp\/v2\/posts\/4515\/revisions"}],"predecessor-version":[{"id":4518,"href":"https:\/\/www.festicheyres.ch\/wp-json\/wp\/v2\/posts\/4515\/revisions\/4518"}],"wp:featuredmedia":[{"embeddable":true,"href":"https:\/\/www.festicheyres.ch\/wp-json\/wp\/v2\/media\/4516"}],"wp:attachment":[{"href":"https:\/\/www.festicheyres.ch\/wp-json\/wp\/v2\/media?parent=4515"}],"wp:term":[{"taxonomy":"category","embeddable":true,"href":"https:\/\/www.festicheyres.ch\/wp-json\/wp\/v2\/categories?post=4515"},{"taxonomy":"post_tag","embeddable":true,"href":"https:\/\/www.festicheyres.ch\/wp-json\/wp\/v2\/tags?post=4515"}],"curies":[{"name":"wp","href":"https:\/\/api.w.org\/{rel}","templated":true}]}}