{"id":3833,"date":"2022-06-30T11:47:35","date_gmt":"2022-06-30T09:47:35","guid":{"rendered":"https:\/\/www.festicheyres.ch\/?p=3833"},"modified":"2022-06-30T14:09:08","modified_gmt":"2022-06-30T12:09:08","slug":"radiofr-emission-et-si-on-se-disait-tu-pause-cafe-fribourg-centre","status":"publish","type":"post","link":"https:\/\/www.festicheyres.ch\/radiofr-emission-et-si-on-se-disait-tu-pause-cafe-fribourg-centre\/","title":{"rendered":"RadioFr. \u00ab\u00a0Et si on se disait tu ?\u00a0\u00bb &#038; petit d\u00e9fi sp\u00e9cial festivaliers"},"content":{"rendered":"\n<p>Mercredi 29 juin 2022 \u00e0 18h15, Festi&rsquo;Cheyres \u00e9tait \u00e0 l&rsquo;\u00e9mission \u00ab\u00a0Et si on se disait tu ?\u00a0\u00bb anim\u00e9e par Thierry Savary. <\/p>\n\n\n\n<p>Une \u00e9mission estivale et rafra\u00eechissante. Au programme: Festivals, patrimoine et\u2026 cocktails color\u00e9s!\u00a0Le tout, en compagnie d&rsquo;invit\u00e9s de marque et chroniqueurs hors pairs. Musique live et challenge \u00e9taient \u00e9galement au rendez-vous !<\/p>\n\n\n\n<figure class=\"wp-block-image size-large\"><img decoding=\"async\" loading=\"lazy\" width=\"1024\" height=\"1024\" src=\"https:\/\/www.festicheyres.ch\/wp-content\/uploads\/2022\/06\/Sans-titre-6-1024x1024.png\" alt=\"\" class=\"wp-image-3837\" srcset=\"https:\/\/www.festicheyres.ch\/wp-content\/uploads\/2022\/06\/Sans-titre-6-1024x1024.png 1024w, https:\/\/www.festicheyres.ch\/wp-content\/uploads\/2022\/06\/Sans-titre-6-300x300.png 300w, https:\/\/www.festicheyres.ch\/wp-content\/uploads\/2022\/06\/Sans-titre-6-150x150.png 150w, https:\/\/www.festicheyres.ch\/wp-content\/uploads\/2022\/06\/Sans-titre-6-768x768.png 768w, https:\/\/www.festicheyres.ch\/wp-content\/uploads\/2022\/06\/Sans-titre-6-468x468.png 468w, https:\/\/www.festicheyres.ch\/wp-content\/uploads\/2022\/06\/Sans-titre-6-806x806.png 806w, https:\/\/www.festicheyres.ch\/wp-content\/uploads\/2022\/06\/Sans-titre-6-558x558.png 558w, https:\/\/www.festicheyres.ch\/wp-content\/uploads\/2022\/06\/Sans-titre-6-655x655.png 655w, https:\/\/www.festicheyres.ch\/wp-content\/uploads\/2022\/06\/Sans-titre-6-220x220.png 220w, https:\/\/www.festicheyres.ch\/wp-content\/uploads\/2022\/06\/Sans-titre-6.png 1080w\" sizes=\"(max-width: 1024px) 100vw, 1024px\" \/><\/figure>\n\n\n\n<p>Les invit\u00e9s de l&rsquo;\u00e9mission:<\/p>\n\n\n\n<p>Laetitia Brodard,\u00a0<a href=\"https:\/\/www.facebook.com\/festivalfesticheyres\/?__tn__=kK\">FestiCheyres<\/a><\/p>\n\n\n\n<p>Xavier Meyer,\u00a0<a href=\"https:\/\/www.facebook.com\/lesgeorgesfestival\/?__tn__=kK\">Les Georges<\/a><br>Victor Topart, Barman de l\u2019ann\u00e9e 2021<br>Janique Pastore, Fribourg pour un champion<br>En showcase : Pablo Rime<\/p>\n\n\n\n<p>Retrouvez l&rsquo;\u00e9mission sur le site de RadioFR ici<\/p>\n\n\n\n<div style=\"height:26px\" aria-hidden=\"true\" class=\"wp-block-spacer\"><\/div>\n\n\n\n<div class=\"wp-block-buttons is-layout-flex\">\n<div class=\"wp-block-button\"><a class=\"wp-block-button__link\" href=\"https:\/\/podcasts.radiofr.ch\/aa3ad414670ded6cf54702c8b68667fd.mp3\">Ecouter l&rsquo;\u00e9mission au complet<\/a><\/div>\n<\/div>\n\n\n\n<div style=\"height:26px\" aria-hidden=\"true\" class=\"wp-block-spacer\"><\/div>\n\n\n\n<figure class=\"wp-block-image size-large\"><img decoding=\"async\" loading=\"lazy\" width=\"584\" height=\"1024\" src=\"https:\/\/www.festicheyres.ch\/wp-content\/uploads\/2022\/06\/IMG_E2185FF4B02B-1-584x1024.jpeg\" alt=\"\" class=\"wp-image-3846\" srcset=\"https:\/\/www.festicheyres.ch\/wp-content\/uploads\/2022\/06\/IMG_E2185FF4B02B-1-584x1024.jpeg 584w, https:\/\/www.festicheyres.ch\/wp-content\/uploads\/2022\/06\/IMG_E2185FF4B02B-1-171x300.jpeg 171w, https:\/\/www.festicheyres.ch\/wp-content\/uploads\/2022\/06\/IMG_E2185FF4B02B-1-768x1347.jpeg 768w, https:\/\/www.festicheyres.ch\/wp-content\/uploads\/2022\/06\/IMG_E2185FF4B02B-1-875x1536.jpeg 875w, https:\/\/www.festicheyres.ch\/wp-content\/uploads\/2022\/06\/IMG_E2185FF4B02B-1-1167x2048.jpeg 1167w, https:\/\/www.festicheyres.ch\/wp-content\/uploads\/2022\/06\/IMG_E2185FF4B02B-1-1116x1958.jpeg 1116w, https:\/\/www.festicheyres.ch\/wp-content\/uploads\/2022\/06\/IMG_E2185FF4B02B-1-806x1414.jpeg 806w, https:\/\/www.festicheyres.ch\/wp-content\/uploads\/2022\/06\/IMG_E2185FF4B02B-1-558x979.jpeg 558w, https:\/\/www.festicheyres.ch\/wp-content\/uploads\/2022\/06\/IMG_E2185FF4B02B-1-655x1149.jpeg 655w, https:\/\/www.festicheyres.ch\/wp-content\/uploads\/2022\/06\/IMG_E2185FF4B02B-1.jpeg 1242w\" sizes=\"(max-width: 584px) 100vw, 584px\" \/><figcaption>Storie IG 2022-06-29 @fribourgcentre :  Corinne, <a href=\"https:\/\/fribourg-centre.com\/\">https:\/\/fribourg-centre.com\/<\/a><\/figcaption><\/figure>\n\n\n\n<p>Notre pr\u00e9sidente et le directeur des Georges vous y ont mis au d\u00e9fi d&rsquo;encha\u00eener les 10 jours des deux festivals, soit du 7 au 10 juillet \u00e0 Festi&rsquo;Cheyres, puis du 10 au 15 aux Georges. On se r\u00e9jouit de voir les preuves des plus t\u00e9m\u00e9raires d&rsquo;entre vous! \ud83d\ude09<\/p>\n\n\n\n<div style=\"height:26px\" aria-hidden=\"true\" class=\"wp-block-spacer\"><\/div>\n\n\n\n<p>*La r\u00e9utilisation de tous les m\u00e9dias pr\u00e9sents dans cet article est soumise \u00e0 la validation des propri\u00e9taires<\/p>\n","protected":false},"excerpt":{"rendered":"<p>Mercredi 29 juin 2022 \u00e0 18h15, Festi&rsquo;Cheyres \u00e9tait \u00e0 l&rsquo;\u00e9mission \u00ab\u00a0Et si on se disait tu ?\u00a0\u00bb anim\u00e9e par Thierry Savary. Une \u00e9mission estivale et rafra\u00eechissante. Au programme: Festivals, patrimoine et\u2026 cocktails color\u00e9s!\u00a0Le tout, en compagnie d&rsquo;invit\u00e9s de marque et chroniqueurs hors pairs. Musique live et challenge \u00e9taient \u00e9galement au rendez-vous ! Les invit\u00e9s de<\/p>\n","protected":false},"author":8,"featured_media":3837,"comment_status":"closed","ping_status":"open","sticky":false,"template":"","format":"standard","meta":[],"categories":[1],"tags":[],"acf":[],"_links":{"self":[{"href":"https:\/\/www.festicheyres.ch\/wp-json\/wp\/v2\/posts\/3833"}],"collection":[{"href":"https:\/\/www.festicheyres.ch\/wp-json\/wp\/v2\/posts"}],"about":[{"href":"https:\/\/www.festicheyres.ch\/wp-json\/wp\/v2\/types\/post"}],"author":[{"embeddable":true,"href":"https:\/\/www.festicheyres.ch\/wp-json\/wp\/v2\/users\/8"}],"replies":[{"embeddable":true,"href":"https:\/\/www.festicheyres.ch\/wp-json\/wp\/v2\/comments?post=3833"}],"version-history":[{"count":15,"href":"https:\/\/www.festicheyres.ch\/wp-json\/wp\/v2\/posts\/3833\/revisions"}],"predecessor-version":[{"id":3861,"href":"https:\/\/www.festicheyres.ch\/wp-json\/wp\/v2\/posts\/3833\/revisions\/3861"}],"wp:featuredmedia":[{"embeddable":true,"href":"https:\/\/www.festicheyres.ch\/wp-json\/wp\/v2\/media\/3837"}],"wp:attachment":[{"href":"https:\/\/www.festicheyres.ch\/wp-json\/wp\/v2\/media?parent=3833"}],"wp:term":[{"taxonomy":"category","embeddable":true,"href":"https:\/\/www.festicheyres.ch\/wp-json\/wp\/v2\/categories?post=3833"},{"taxonomy":"post_tag","embeddable":true,"href":"https:\/\/www.festicheyres.ch\/wp-json\/wp\/v2\/tags?post=3833"}],"curies":[{"name":"wp","href":"https:\/\/api.w.org\/{rel}","templated":true}]}}