{"id":3806,"date":"2022-06-28T01:38:56","date_gmt":"2022-06-27T23:38:56","guid":{"rendered":"https:\/\/www.festicheyres.ch\/?p=3806"},"modified":"2022-06-28T01:51:56","modified_gmt":"2022-06-27T23:51:56","slug":"nous-sommes-sur-radiofr-emission-la-cafete","status":"publish","type":"post","link":"https:\/\/www.festicheyres.ch\/nous-sommes-sur-radiofr-emission-la-cafete\/","title":{"rendered":"Nous sommes sur RadioFR &#8211; Emission \u00ab\u00a0La Caf\u00e8te\u00a0\u00bb"},"content":{"rendered":"\n<figure class=\"wp-block-image size-large\"><img loading=\"lazy\" width=\"1024\" height=\"1024\" src=\"https:\/\/www.festicheyres.ch\/wp-content\/uploads\/2022\/06\/2022-Tous-les-posts-re\u0301seaux-sociaux-6-1024x1024.png\" alt=\"\" class=\"wp-image-3809\" srcset=\"https:\/\/www.festicheyres.ch\/wp-content\/uploads\/2022\/06\/2022-Tous-les-posts-re\u0301seaux-sociaux-6-1024x1024.png 1024w, https:\/\/www.festicheyres.ch\/wp-content\/uploads\/2022\/06\/2022-Tous-les-posts-re\u0301seaux-sociaux-6-300x300.png 300w, https:\/\/www.festicheyres.ch\/wp-content\/uploads\/2022\/06\/2022-Tous-les-posts-re\u0301seaux-sociaux-6-150x150.png 150w, https:\/\/www.festicheyres.ch\/wp-content\/uploads\/2022\/06\/2022-Tous-les-posts-re\u0301seaux-sociaux-6-768x768.png 768w, https:\/\/www.festicheyres.ch\/wp-content\/uploads\/2022\/06\/2022-Tous-les-posts-re\u0301seaux-sociaux-6-468x468.png 468w, https:\/\/www.festicheyres.ch\/wp-content\/uploads\/2022\/06\/2022-Tous-les-posts-re\u0301seaux-sociaux-6-806x806.png 806w, https:\/\/www.festicheyres.ch\/wp-content\/uploads\/2022\/06\/2022-Tous-les-posts-re\u0301seaux-sociaux-6-558x558.png 558w, https:\/\/www.festicheyres.ch\/wp-content\/uploads\/2022\/06\/2022-Tous-les-posts-re\u0301seaux-sociaux-6-655x655.png 655w, https:\/\/www.festicheyres.ch\/wp-content\/uploads\/2022\/06\/2022-Tous-les-posts-re\u0301seaux-sociaux-6-220x220.png 220w, https:\/\/www.festicheyres.ch\/wp-content\/uploads\/2022\/06\/2022-Tous-les-posts-re\u0301seaux-sociaux-6.png 1080w\" sizes=\"(max-width: 1024px) 100vw, 1024px\" \/><figcaption>Laetitia Bordard \u00e0 gauche et Jo\u00ebl Grub \u00e0 droite<\/figcaption><\/figure>\n\n\n\n<p><img loading=\"lazy\" height=\"16\" width=\"16\" alt=\"&#x2615;\" src=\"https:\/\/static.xx.fbcdn.net\/images\/emoji.php\/v9\/t12\/2\/16\/2615.png\"> Ce matin, notre formidable duo pr\u00e9sidente\/programmateur, Laetitia et Jo\u00ebl, \u00e9tait accueilli \u00e0 RadioFr. Freiburg par Thierry Savary dans La Caf\u00e8te.<img loading=\"lazy\" height=\"16\" width=\"16\" alt=\"&#x1f93f;\" src=\"https:\/\/static.xx.fbcdn.net\/images\/emoji.php\/v9\/t43\/2\/16\/1f93f.png\"> Plongez dans l&rsquo;ambiance Festi\u2019Cheyres gr\u00e2ce \u00e0 un aper\u00e7u de la programmation, quelques mots sur l&rsquo;\u00e9volution du Plus Gratuit des Incroyables et les coulisses de cette 15\u00e8me \u00e9dition anniversaire <img loading=\"lazy\" height=\"16\" width=\"16\" alt=\"&#x1f382;\" src=\"https:\/\/static.xx.fbcdn.net\/images\/emoji.php\/v9\/ta4\/2\/16\/1f382.png\">.Retrouver la 1\u00e8re partie de l\u2019\u00e9mission sur le site de RadioFR: <a href=\"https:\/\/podcasts.radiofr.ch\/4c14982c5555700e9a8a8d4b7d84e509.mp3?fbclid=IwAR3NQ3BZuzYzwPpPoos6InFDtXeoAg45tOpUNjNf55FRmZ0Y-cwJeW05SQw\" rel=\"noreferrer noopener\" target=\"_blank\">https:\/\/podcasts.radiofr.ch\/4c14982c5555700e9a8a8d4b7d84e&#8230;<\/a> et la deuxi\u00e8me partie ici : <a href=\"https:\/\/podcasts.radiofr.ch\/a5f37fea906a03e3a007ea607b073c47.mp3?fbclid=IwAR3ievFMiVlI18n6UElXu33fKZBZsEgMek8VCOy_hBpozhrK52PqcwFjc4E\" rel=\"noreferrer noopener\" target=\"_blank\">https:\/\/podcasts.radiofr.ch\/a5f37fea906a03e3a007ea607b073&#8230;<\/a><img loading=\"lazy\" height=\"16\" width=\"16\" alt=\"&#x1f929;\" src=\"https:\/\/static.xx.fbcdn.net\/images\/emoji.php\/v9\/tf7\/2\/16\/1f929.png\"> RadioFr. sera sur place le 8 juillet avec leur van et toute leur \u00e9quipe de \u00ab RadioFr. prend l\u2019air \u00bb <img loading=\"lazy\" height=\"16\" width=\"16\" alt=\"&#x1f690;\" src=\"https:\/\/static.xx.fbcdn.net\/images\/emoji.php\/v9\/t4\/2\/16\/1f690.png\">. Une excellente occasion de les rencontrer en live et en bonne compagnie <img loading=\"lazy\" height=\"16\" width=\"16\" alt=\"&#x1f609;\" src=\"https:\/\/static.xx.fbcdn.net\/images\/emoji.php\/v9\/tf6\/2\/16\/1f609.png\">!Un grand merci \u00e0 toute l\u2019\u00e9quipe de RadioFr. pour l\u2019excellent accueil !<img loading=\"lazy\" height=\"16\" width=\"16\" alt=\"&#x1f60a;\" src=\"https:\/\/static.xx.fbcdn.net\/images\/emoji.php\/v9\/t1e\/2\/16\/1f60a.png\"><a href=\"https:\/\/www.facebook.com\/hashtag\/radiofribourg?__eep__=6&amp;__cft__[0]=AZUijDw-Ger4-tQNNaDcT_NrMbAAgyY5ivwHGx060kujS5uTmxJ3Q-03S8t7PHIsYy8pm1DaRC081Y7TxmPzIF7a_RocBJ7yuizwg6jHW6zJ7FTG_snTuWoUEBsGirUKqqRQOD5LtoHT3y7zRPj3YrxJWN9QSx6LjiUVbrNCAvAbohjUXI_ErcRrVXOc8g8Y5O-qAafsOnRprb1hCAzWd3Es&amp;__tn__=*NK-R\">#radiofribourg<\/a><a href=\"https:\/\/www.facebook.com\/hashtag\/fribourg?__eep__=6&amp;__cft__[0]=AZUijDw-Ger4-tQNNaDcT_NrMbAAgyY5ivwHGx060kujS5uTmxJ3Q-03S8t7PHIsYy8pm1DaRC081Y7TxmPzIF7a_RocBJ7yuizwg6jHW6zJ7FTG_snTuWoUEBsGirUKqqRQOD5LtoHT3y7zRPj3YrxJWN9QSx6LjiUVbrNCAvAbohjUXI_ErcRrVXOc8g8Y5O-qAafsOnRprb1hCAzWd3Es&amp;__tn__=*NK-R\">#fribourg<\/a><a href=\"https:\/\/www.facebook.com\/hashtag\/cheyres?__eep__=6&amp;__cft__[0]=AZUijDw-Ger4-tQNNaDcT_NrMbAAgyY5ivwHGx060kujS5uTmxJ3Q-03S8t7PHIsYy8pm1DaRC081Y7TxmPzIF7a_RocBJ7yuizwg6jHW6zJ7FTG_snTuWoUEBsGirUKqqRQOD5LtoHT3y7zRPj3YrxJWN9QSx6LjiUVbrNCAvAbohjUXI_ErcRrVXOc8g8Y5O-qAafsOnRprb1hCAzWd3Es&amp;__tn__=*NK-R\">#cheyres<\/a><a href=\"https:\/\/www.facebook.com\/hashtag\/festicheyres?__eep__=6&amp;__cft__[0]=AZUijDw-Ger4-tQNNaDcT_NrMbAAgyY5ivwHGx060kujS5uTmxJ3Q-03S8t7PHIsYy8pm1DaRC081Y7TxmPzIF7a_RocBJ7yuizwg6jHW6zJ7FTG_snTuWoUEBsGirUKqqRQOD5LtoHT3y7zRPj3YrxJWN9QSx6LjiUVbrNCAvAbohjUXI_ErcRrVXOc8g8Y5O-qAafsOnRprb1hCAzWd3Es&amp;__tn__=*NK-R\">#festicheyres<\/a><a href=\"https:\/\/www.facebook.com\/hashtag\/ch%C3%A2bles?__eep__=6&amp;__cft__[0]=AZUijDw-Ger4-tQNNaDcT_NrMbAAgyY5ivwHGx060kujS5uTmxJ3Q-03S8t7PHIsYy8pm1DaRC081Y7TxmPzIF7a_RocBJ7yuizwg6jHW6zJ7FTG_snTuWoUEBsGirUKqqRQOD5LtoHT3y7zRPj3YrxJWN9QSx6LjiUVbrNCAvAbohjUXI_ErcRrVXOc8g8Y5O-qAafsOnRprb1hCAzWd3Es&amp;__tn__=*NK-R\">#ch\u00e2bles<\/a><a href=\"https:\/\/www.facebook.com\/hashtag\/festivalsuisse?__eep__=6&amp;__cft__[0]=AZUijDw-Ger4-tQNNaDcT_NrMbAAgyY5ivwHGx060kujS5uTmxJ3Q-03S8t7PHIsYy8pm1DaRC081Y7TxmPzIF7a_RocBJ7yuizwg6jHW6zJ7FTG_snTuWoUEBsGirUKqqRQOD5LtoHT3y7zRPj3YrxJWN9QSx6LjiUVbrNCAvAbohjUXI_ErcRrVXOc8g8Y5O-qAafsOnRprb1hCAzWd3Es&amp;__tn__=*NK-R\">#festivalsuisse<\/a><a href=\"https:\/\/www.facebook.com\/hashtag\/swissfestival?__eep__=6&amp;__cft__[0]=AZUijDw-Ger4-tQNNaDcT_NrMbAAgyY5ivwHGx060kujS5uTmxJ3Q-03S8t7PHIsYy8pm1DaRC081Y7TxmPzIF7a_RocBJ7yuizwg6jHW6zJ7FTG_snTuWoUEBsGirUKqqRQOD5LtoHT3y7zRPj3YrxJWN9QSx6LjiUVbrNCAvAbohjUXI_ErcRrVXOc8g8Y5O-qAafsOnRprb1hCAzWd3Es&amp;__tn__=*NK-R\">#swissfestival<\/a><a href=\"https:\/\/www.facebook.com\/hashtag\/fribourgregion?__eep__=6&amp;__cft__[0]=AZUijDw-Ger4-tQNNaDcT_NrMbAAgyY5ivwHGx060kujS5uTmxJ3Q-03S8t7PHIsYy8pm1DaRC081Y7TxmPzIF7a_RocBJ7yuizwg6jHW6zJ7FTG_snTuWoUEBsGirUKqqRQOD5LtoHT3y7zRPj3YrxJWN9QSx6LjiUVbrNCAvAbohjUXI_ErcRrVXOc8g8Y5O-qAafsOnRprb1hCAzWd3Es&amp;__tn__=*NK-R\">#fribourgregion<\/a><a href=\"https:\/\/www.facebook.com\/hashtag\/swissevents?__eep__=6&amp;__cft__[0]=AZUijDw-Ger4-tQNNaDcT_NrMbAAgyY5ivwHGx060kujS5uTmxJ3Q-03S8t7PHIsYy8pm1DaRC081Y7TxmPzIF7a_RocBJ7yuizwg6jHW6zJ7FTG_snTuWoUEBsGirUKqqRQOD5LtoHT3y7zRPj3YrxJWN9QSx6LjiUVbrNCAvAbohjUXI_ErcRrVXOc8g8Y5O-qAafsOnRprb1hCAzWd3Es&amp;__tn__=*NK-R\">#swissevents<\/a><a href=\"https:\/\/www.facebook.com\/hashtag\/portalbantourisme?__eep__=6&amp;__cft__[0]=AZUijDw-Ger4-tQNNaDcT_NrMbAAgyY5ivwHGx060kujS5uTmxJ3Q-03S8t7PHIsYy8pm1DaRC081Y7TxmPzIF7a_RocBJ7yuizwg6jHW6zJ7FTG_snTuWoUEBsGirUKqqRQOD5LtoHT3y7zRPj3YrxJWN9QSx6LjiUVbrNCAvAbohjUXI_ErcRrVXOc8g8Y5O-qAafsOnRprb1hCAzWd3Es&amp;__tn__=*NK-R\">#portalbantourisme<\/a><a href=\"https:\/\/www.facebook.com\/hashtag\/swissterroir?__eep__=6&amp;__cft__[0]=AZUijDw-Ger4-tQNNaDcT_NrMbAAgyY5ivwHGx060kujS5uTmxJ3Q-03S8t7PHIsYy8pm1DaRC081Y7TxmPzIF7a_RocBJ7yuizwg6jHW6zJ7FTG_snTuWoUEBsGirUKqqRQOD5LtoHT3y7zRPj3YrxJWN9QSx6LjiUVbrNCAvAbohjUXI_ErcRrVXOc8g8Y5O-qAafsOnRprb1hCAzWd3Es&amp;__tn__=*NK-R\">#swissterroir<\/a><\/p>\n\n\n\n<p>&#x1f929; RadioFr. sera sur place le 8 juillet avec leur van et toute leur \u00e9quipe de \u00ab RadioFr. prend l\u2019air \u00bb &#x1f690;. Une excellente occasion de les rencontrer en live et en bonne compagnie &#x1f609;!<br>Un grand merci \u00e0 toute l\u2019\u00e9quipe de RadioFr. pour l\u2019excellent accueil !&#x1f60a;<\/p>\n\n\n\n<p><br>#radiofribourg #fribourg #cheyres #festicheyres #ch\u00e2bles #festivalsuisse #swissfestival #swissevents #fribourgregion #romontregion #portalbantourisme #cheyreschablestourisme<\/p>\n","protected":false},"excerpt":{"rendered":"<p>Ce matin, notre formidable duo pr\u00e9sidente\/programmateur, Laetitia et Jo\u00ebl, \u00e9tait accueilli \u00e0 RadioFr. Freiburg par Thierry Savary dans La Caf\u00e8te. Plongez dans l&rsquo;ambiance Festi\u2019Cheyres gr\u00e2ce \u00e0 un aper\u00e7u de la programmation, quelques mots sur l&rsquo;\u00e9volution du Plus Gratuit des Incroyables et les coulisses de cette 15\u00e8me \u00e9dition anniversaire .Retrouver la 1\u00e8re partie de l\u2019\u00e9mission sur<\/p>\n","protected":false},"author":8,"featured_media":3809,"comment_status":"closed","ping_status":"open","sticky":false,"template":"","format":"standard","meta":[],"categories":[1],"tags":[],"_links":{"self":[{"href":"https:\/\/www.festicheyres.ch\/wp-json\/wp\/v2\/posts\/3806"}],"collection":[{"href":"https:\/\/www.festicheyres.ch\/wp-json\/wp\/v2\/posts"}],"about":[{"href":"https:\/\/www.festicheyres.ch\/wp-json\/wp\/v2\/types\/post"}],"author":[{"embeddable":true,"href":"https:\/\/www.festicheyres.ch\/wp-json\/wp\/v2\/users\/8"}],"replies":[{"embeddable":true,"href":"https:\/\/www.festicheyres.ch\/wp-json\/wp\/v2\/comments?post=3806"}],"version-history":[{"count":3,"href":"https:\/\/www.festicheyres.ch\/wp-json\/wp\/v2\/posts\/3806\/revisions"}],"predecessor-version":[{"id":3811,"href":"https:\/\/www.festicheyres.ch\/wp-json\/wp\/v2\/posts\/3806\/revisions\/3811"}],"wp:featuredmedia":[{"embeddable":true,"href":"https:\/\/www.festicheyres.ch\/wp-json\/wp\/v2\/media\/3809"}],"wp:attachment":[{"href":"https:\/\/www.festicheyres.ch\/wp-json\/wp\/v2\/media?parent=3806"}],"wp:term":[{"taxonomy":"category","embeddable":true,"href":"https:\/\/www.festicheyres.ch\/wp-json\/wp\/v2\/categories?post=3806"},{"taxonomy":"post_tag","embeddable":true,"href":"https:\/\/www.festicheyres.ch\/wp-json\/wp\/v2\/tags?post=3806"}],"curies":[{"name":"wp","href":"https:\/\/api.w.org\/{rel}","templated":true}]}}