{"id":3783,"date":"2022-06-23T12:58:07","date_gmt":"2022-06-23T10:58:07","guid":{"rendered":"https:\/\/www.festicheyres.ch\/?p=3783"},"modified":"2022-06-23T13:03:37","modified_gmt":"2022-06-23T11:03:37","slug":"teaser-2022","status":"publish","type":"post","link":"https:\/\/www.festicheyres.ch\/teaser-2022\/","title":{"rendered":"Teaser 2022"},"content":{"rendered":"\n<p>Grrrrr, le dino de l&rsquo;affiche ne tient\u00a0plus en place! D\u00e9couvre le\u00a0teaser pour un avant-go\u00fbt de cette 15\u00e8me \u00e9dition.<\/p>\n\n\n\n<figure class=\"wp-block-video aligncenter\"><video controls src=\"https:\/\/www.festicheyres.ch\/wp-content\/uploads\/2022\/06\/20220606_TeaserFesti_45VF-1.mp4\" playsinline><\/video><\/figure>\n\n\n\n<p><\/p>\n","protected":false},"excerpt":{"rendered":"<p>Grrrrr, le dino de l&rsquo;affiche ne tient\u00a0plus en place! D\u00e9couvre le\u00a0teaser pour un avant-go\u00fbt de cette 15\u00e8me \u00e9dition.<\/p>\n","protected":false},"author":8,"featured_media":3790,"comment_status":"closed","ping_status":"open","sticky":false,"template":"","format":"standard","meta":[],"categories":[1],"tags":[],"_links":{"self":[{"href":"https:\/\/www.festicheyres.ch\/wp-json\/wp\/v2\/posts\/3783"}],"collection":[{"href":"https:\/\/www.festicheyres.ch\/wp-json\/wp\/v2\/posts"}],"about":[{"href":"https:\/\/www.festicheyres.ch\/wp-json\/wp\/v2\/types\/post"}],"author":[{"embeddable":true,"href":"https:\/\/www.festicheyres.ch\/wp-json\/wp\/v2\/users\/8"}],"replies":[{"embeddable":true,"href":"https:\/\/www.festicheyres.ch\/wp-json\/wp\/v2\/comments?post=3783"}],"version-history":[{"count":3,"href":"https:\/\/www.festicheyres.ch\/wp-json\/wp\/v2\/posts\/3783\/revisions"}],"predecessor-version":[{"id":3791,"href":"https:\/\/www.festicheyres.ch\/wp-json\/wp\/v2\/posts\/3783\/revisions\/3791"}],"wp:featuredmedia":[{"embeddable":true,"href":"https:\/\/www.festicheyres.ch\/wp-json\/wp\/v2\/media\/3790"}],"wp:attachment":[{"href":"https:\/\/www.festicheyres.ch\/wp-json\/wp\/v2\/media?parent=3783"}],"wp:term":[{"taxonomy":"category","embeddable":true,"href":"https:\/\/www.festicheyres.ch\/wp-json\/wp\/v2\/categories?post=3783"},{"taxonomy":"post_tag","embeddable":true,"href":"https:\/\/www.festicheyres.ch\/wp-json\/wp\/v2\/tags?post=3783"}],"curies":[{"name":"wp","href":"https:\/\/api.w.org\/{rel}","templated":true}]}}