{"id":3644,"date":"2022-06-01T23:01:29","date_gmt":"2022-06-01T21:01:29","guid":{"rendered":"https:\/\/www.festicheyres.ch\/?p=3644"},"modified":"2022-06-23T10:16:56","modified_gmt":"2022-06-23T08:16:56","slug":"edition-2022","status":"publish","type":"post","link":"https:\/\/www.festicheyres.ch\/edition-2022\/","title":{"rendered":"L&rsquo;\u00e9dition 2022"},"content":{"rendered":"\n<div class=\"wp-block-image\"><figure class=\"aligncenter size-large\"><img loading=\"lazy\" width=\"724\" height=\"1024\" src=\"https:\/\/www.festicheyres.ch\/wp-content\/uploads\/2022\/06\/FestiCheyres_Affiche2022-3-724x1024.jpg\" alt=\"\" class=\"wp-image-3645\" srcset=\"https:\/\/www.festicheyres.ch\/wp-content\/uploads\/2022\/06\/FestiCheyres_Affiche2022-3-724x1024.jpg 724w, https:\/\/www.festicheyres.ch\/wp-content\/uploads\/2022\/06\/FestiCheyres_Affiche2022-3-212x300.jpg 212w, https:\/\/www.festicheyres.ch\/wp-content\/uploads\/2022\/06\/FestiCheyres_Affiche2022-3-768x1086.jpg 768w, https:\/\/www.festicheyres.ch\/wp-content\/uploads\/2022\/06\/FestiCheyres_Affiche2022-3-1086x1536.jpg 1086w, https:\/\/www.festicheyres.ch\/wp-content\/uploads\/2022\/06\/FestiCheyres_Affiche2022-3-1448x2048.jpg 1448w, https:\/\/www.festicheyres.ch\/wp-content\/uploads\/2022\/06\/FestiCheyres_Affiche2022-3-1612x2280.jpg 1612w, https:\/\/www.festicheyres.ch\/wp-content\/uploads\/2022\/06\/FestiCheyres_Affiche2022-3-1116x1578.jpg 1116w, https:\/\/www.festicheyres.ch\/wp-content\/uploads\/2022\/06\/FestiCheyres_Affiche2022-3-806x1140.jpg 806w, https:\/\/www.festicheyres.ch\/wp-content\/uploads\/2022\/06\/FestiCheyres_Affiche2022-3-558x789.jpg 558w, https:\/\/www.festicheyres.ch\/wp-content\/uploads\/2022\/06\/FestiCheyres_Affiche2022-3-655x926.jpg 655w, https:\/\/www.festicheyres.ch\/wp-content\/uploads\/2022\/06\/FestiCheyres_Affiche2022-3-scaled.jpg 1810w\" sizes=\"(max-width: 724px) 100vw, 724px\" \/><figcaption>Affiche Festicheyres 2022 &#8211; 15\u00e8me \u00e9dition (cr\u00e9dits) Elodie Pillonel<\/figcaption><\/figure><\/div>\n\n\n\n<p>Cette ann\u00e9e, le plus gratuit des incroyables souffle ses 15 bougies du jeudi 7 au dimanche 19 juillet. <\/p>\n\n\n\n<p>Des vieux fossiles, des dinosaures mais pas n&rsquo;importe lesquels des Dino&rsquo;dingos ! En ce qui concerne notre \u00e9quipe d&rsquo;incroyables b\u00e9n\u00e9voles et staffs, l&rsquo;engouement ne d\u00e9semplit pas et myriades de cuisiniers, barmans, monteurs et photographes\/vid\u00e9astes se succ\u00e8dent et renouvellent notre force vive \u00e0 l&rsquo;occasion. Vous pouvez, vous aussi, devenir l&rsquo;un de ces incroyables b\u00e9n\u00e9voles <a href=\"https:\/\/www.festicheyres.ch\/benevoles\/\">ICI<\/a> et d\u00e9couvrir l&rsquo;ambiance de l&rsquo;int\u00e9rieur. <\/p>\n\n\n\n<p><\/p>\n\n\n\n<p>(c) Affiche : Elodie Pillonel<\/p>\n\n\n\n<div class=\"wp-block-group has-text-color has-background\" style=\"background-color:#fccf11;color:#e41919\"><div class=\"wp-block-group__inner-container\">\n<div style=\"height:11px\" aria-hidden=\"true\" class=\"wp-block-spacer\"><\/div>\n\n\n\n<h2 class=\"has-text-align-center\">Soutiens-nous en 2022 &#8211; Deviens b\u00e9n\u00e9vole<\/h2>\n\n\n\n<p class=\"has-text-align-center\">Et surtout engagez-vous comme b\u00e9n\u00e9voles pour nous soutenir et devenir l&rsquo;une de ces braves b\u00eates <a href=\"https:\/\/www.festicheyres.ch\/benevoles\/\">ICI<\/a><\/p>\n\n\n\n<div style=\"height:11px\" aria-hidden=\"true\" class=\"wp-block-spacer\"><\/div>\n<\/div><\/div>\n\n\n\n<div style=\"height:38px\" aria-hidden=\"true\" class=\"wp-block-spacer\"><\/div>\n\n\n\n<div class=\"wp-block-group has-text-color has-background\" style=\"background-color:#fccf11;color:#e41919\"><div class=\"wp-block-group__inner-container\">\n<div class=\"wp-block-group has-black-color has-text-color\"><div class=\"wp-block-group__inner-container\">\n<div style=\"height:11px\" aria-hidden=\"true\" class=\"wp-block-spacer\"><\/div>\n\n\n\n<h2 class=\"has-text-align-center has-text-color\" style=\"color:#e41919\">Programmation musicale 2022<\/h2>\n\n\n\n<p class=\"has-text-align-center\">D\u00e9couvrez la programmation musicale 2022 <a href=\"https:\/\/www.festicheyres.ch\/programme\/horaires\/\">ICI<\/a><\/p>\n\n\n\n<div style=\"height:11px\" aria-hidden=\"true\" class=\"wp-block-spacer\"><\/div>\n<\/div><\/div>\n<\/div><\/div>\n\n\n\n<div style=\"height:37px\" aria-hidden=\"true\" class=\"wp-block-spacer\"><\/div>\n\n\n\n<div class=\"wp-block-group has-text-color has-background\" style=\"background-color:#fccf11;color:#e41919\"><div class=\"wp-block-group__inner-container\">\n<div style=\"height:11px\" aria-hidden=\"true\" class=\"wp-block-spacer\"><\/div>\n\n\n\n<h2 class=\"has-text-align-center\">Les animations 2022<\/h2>\n\n\n\n<p class=\"has-text-align-center\">D\u00e9couvrez nos animations culturelles, culinaires et sportives par <a href=\"https:\/\/www.festicheyres.ch\/programme\/animations\/\">ICI<\/a><\/p>\n\n\n\n<div style=\"height:11px\" aria-hidden=\"true\" class=\"wp-block-spacer\"><\/div>\n<\/div><\/div>\n\n\n\n<div style=\"height:37px\" aria-hidden=\"true\" class=\"wp-block-spacer\"><\/div>\n\n\n\n<p><\/p>\n\n\n\n<p><\/p>\n\n\n\n<p><\/p>\n\n\n\n<h2 class=\"has-text-align-center\">Le comit\u00e9 Festi\u2019Cheyres 2022<\/h2>\n\n\n\n<div class=\"wp-block-group\"><div class=\"wp-block-group__inner-container\">\n<ul><li>LAETITIA BRODARD &#8211; pr\u00e9sidente &amp; relation presse<\/li><li>SEBASTIEN HOFFMANN &#8211; accueil public<\/li><li>SOPHIE NIEDEGGER &#8211; b\u00e9n\u00e9voles<\/li><li>NIKOLINA LANGURA &#8211; communication &amp; r\u00e9seaux<\/li><li>JOHNATAN LOPES &#8211; finances<\/li><li>ELODIE PILLONEL &#8211; graphisme<\/li><li>GABRIEL BESSARD &#8211; infrastructures<\/li><li>BASTIEN FRANCESCATO &#8211; intendance<\/li><li>CAROLINE MAILLARD &#8211; intendance<\/li><li>JOEL GRUB &#8211; programme<\/li><li>ODILE ODIN &#8211; sponsoring<\/li><\/ul>\n<\/div><\/div>\n\n\n\n<p><\/p>\n\n\n\n<h2>L\u2019\u00e9quipe \u00abPROG\u2019\u00bb Festi\u2019Cheyres 2022<\/h2>\n\n\n\n<ul><li>JO\u00cbL GRUB &#8211; Responsable<\/li><li>AURELIE ANDREOLI<\/li><li>FABIEN BOISSIEUX<\/li><li>FLAVIEN DROUX<\/li><li>DAVID BOURQUENOUD<\/li><\/ul>\n","protected":false},"excerpt":{"rendered":"<p>Cette ann\u00e9e, le plus gratuit des incroyables souffle ses 15 bougies du jeudi 7 au dimanche 19 juillet. Des vieux fossiles, des dinosaures mais pas n&rsquo;importe lesquels des Dino&rsquo;dingos ! En ce qui concerne notre \u00e9quipe d&rsquo;incroyables b\u00e9n\u00e9voles et staffs, l&rsquo;engouement ne d\u00e9semplit pas et myriades de cuisiniers, barmans, monteurs et photographes\/vid\u00e9astes se succ\u00e8dent et<\/p>\n","protected":false},"author":8,"featured_media":3645,"comment_status":"closed","ping_status":"open","sticky":false,"template":"","format":"standard","meta":[],"categories":[1],"tags":[],"_links":{"self":[{"href":"https:\/\/www.festicheyres.ch\/wp-json\/wp\/v2\/posts\/3644"}],"collection":[{"href":"https:\/\/www.festicheyres.ch\/wp-json\/wp\/v2\/posts"}],"about":[{"href":"https:\/\/www.festicheyres.ch\/wp-json\/wp\/v2\/types\/post"}],"author":[{"embeddable":true,"href":"https:\/\/www.festicheyres.ch\/wp-json\/wp\/v2\/users\/8"}],"replies":[{"embeddable":true,"href":"https:\/\/www.festicheyres.ch\/wp-json\/wp\/v2\/comments?post=3644"}],"version-history":[{"count":49,"href":"https:\/\/www.festicheyres.ch\/wp-json\/wp\/v2\/posts\/3644\/revisions"}],"predecessor-version":[{"id":3782,"href":"https:\/\/www.festicheyres.ch\/wp-json\/wp\/v2\/posts\/3644\/revisions\/3782"}],"wp:featuredmedia":[{"embeddable":true,"href":"https:\/\/www.festicheyres.ch\/wp-json\/wp\/v2\/media\/3645"}],"wp:attachment":[{"href":"https:\/\/www.festicheyres.ch\/wp-json\/wp\/v2\/media?parent=3644"}],"wp:term":[{"taxonomy":"category","embeddable":true,"href":"https:\/\/www.festicheyres.ch\/wp-json\/wp\/v2\/categories?post=3644"},{"taxonomy":"post_tag","embeddable":true,"href":"https:\/\/www.festicheyres.ch\/wp-json\/wp\/v2\/tags?post=3644"}],"curies":[{"name":"wp","href":"https:\/\/api.w.org\/{rel}","templated":true}]}}