{"id":3169,"date":"2021-07-27T23:00:00","date_gmt":"2021-07-27T21:00:00","guid":{"rendered":"https:\/\/www.festicheyres.ch\/?p=3169"},"modified":"2022-05-13T08:29:18","modified_gmt":"2022-05-13T06:29:18","slug":"ledition-2021-un-grand-merci-et-un-aftermovie","status":"publish","type":"post","link":"https:\/\/www.festicheyres.ch\/ledition-2021-un-grand-merci-et-un-aftermovie\/","title":{"rendered":"L&rsquo;\u00e9dition 2021 &#8211; un grand merci et un aftermovie !"},"content":{"rendered":"\n<p><strong>MERCI, vous \u00eates Incroyables! On \u00e9tait l\u00e0 en 2021, on revient encore plus fort en 2022 ! Sur 4 jours pour rattraper le temps perdu et souffler nos 15 bougies !<\/strong><\/p>\n\n\n\n<p>Lors de l\u2019ann\u00e9e 2021, le mot \u00ab incroyable \u00bb de notre slogan a vraiment pris tout son sens ! Merci \u00e0 vous tous qui avez cru plus que jamais \u00e0 ce projet et avez contribu\u00e9 \u00e0 sa r\u00e9ussite, malgr\u00e9 les nombreuses difficult\u00e9s que cela repr\u00e9sentait.<\/p>\n\n\n\n<p>Nous tenons \u00e0 remercier du fond du c\u0153ur toutes les personnes qui ont \u0153uvr\u00e9, de pr\u00e8s ou de loin, pour que tout fonctionne \u00e0 merveille, et m\u00eame Dame M\u00e9t\u00e9o ! Merci \u00e0 notre cher public, \u00e0 nos b\u00e9n\u00e9voles, aux artistes, aux Incroyables du staff, \u00e0 nos pr\u00e9cieux sponsors, partenaires et donateurs, et \u00e0 tous ceux qu\u2019on aurait pu oublier. Merci \u00e0 vous tous d\u2019avoir contribu\u00e9 \u00e0 ce Festi\u2019Cheyres si particulier.<\/p>\n\n\n\n<p>Et on vous laisse avec les images de la derni\u00e8re \u00e9dition pour continuer \u00e0 vous faire r\u00eaver! Merci \u00e0 Nico pour l\u2019aftermovie et \u00e0 LnPixElle et Alain Jordan pour les <a href=\"https:\/\/www.festicheyres.ch\/galeries\/photos\/\">photos<\/a>. A tr\u00e8s vite ! <\/p>\n\n\n\n<p><\/p>\n\n\n\n<div class=\"wp-block-buttons is-content-justification-center\">\n<div class=\"wp-block-button\"><a class=\"wp-block-button__link\" href=\"https:\/\/www.festicheyres.ch\/galeries\/photos\/\">Les photos 2021<\/a><\/div>\n<\/div>\n\n\n\n<p><\/p>\n\n\n\n<figure class=\"wp-block-embed is-type-video is-provider-vimeo wp-block-embed-vimeo wp-embed-aspect-16-9 wp-has-aspect-ratio\"><div class=\"wp-block-embed__wrapper\">\n<span class=\"image-placeholder video video-vimeo\" style=\"padding-bottom:56.25000000%\"><iframe loading=\"lazy\" src=\"https:\/\/player.vimeo.com\/video\/578109221?title=0&#038;byline=0&#038;portrait=0&#038;width=560&#038;height=315&#038;embedded=true&#038;source=vimeo_logo&#038;owner=12378730\" width=\"560\" height=\"315\" frameborder=\"0\" webkitallowfullscreen mozallowfullscreen allowfullscreen><\/iframe><\/span>\n<\/div><\/figure>\n","protected":false},"excerpt":{"rendered":"<p>MERCI, vous \u00eates Incroyables! On \u00e9tait l\u00e0 en 2021, on revient encore plus fort en 2022 ! Sur 4 jours pour rattraper le temps perdu et souffler nos 15 bougies ! Lors de l\u2019ann\u00e9e 2021, le mot \u00ab incroyable \u00bb de notre slogan a vraiment pris tout son sens ! Merci \u00e0 vous tous qui<\/p>\n","protected":false},"author":1,"featured_media":3172,"comment_status":"closed","ping_status":"open","sticky":false,"template":"","format":"standard","meta":[],"categories":[1],"tags":[],"_links":{"self":[{"href":"https:\/\/www.festicheyres.ch\/wp-json\/wp\/v2\/posts\/3169"}],"collection":[{"href":"https:\/\/www.festicheyres.ch\/wp-json\/wp\/v2\/posts"}],"about":[{"href":"https:\/\/www.festicheyres.ch\/wp-json\/wp\/v2\/types\/post"}],"author":[{"embeddable":true,"href":"https:\/\/www.festicheyres.ch\/wp-json\/wp\/v2\/users\/1"}],"replies":[{"embeddable":true,"href":"https:\/\/www.festicheyres.ch\/wp-json\/wp\/v2\/comments?post=3169"}],"version-history":[{"count":3,"href":"https:\/\/www.festicheyres.ch\/wp-json\/wp\/v2\/posts\/3169\/revisions"}],"predecessor-version":[{"id":3377,"href":"https:\/\/www.festicheyres.ch\/wp-json\/wp\/v2\/posts\/3169\/revisions\/3377"}],"wp:featuredmedia":[{"embeddable":true,"href":"https:\/\/www.festicheyres.ch\/wp-json\/wp\/v2\/media\/3172"}],"wp:attachment":[{"href":"https:\/\/www.festicheyres.ch\/wp-json\/wp\/v2\/media?parent=3169"}],"wp:term":[{"taxonomy":"category","embeddable":true,"href":"https:\/\/www.festicheyres.ch\/wp-json\/wp\/v2\/categories?post=3169"},{"taxonomy":"post_tag","embeddable":true,"href":"https:\/\/www.festicheyres.ch\/wp-json\/wp\/v2\/tags?post=3169"}],"curies":[{"name":"wp","href":"https:\/\/api.w.org\/{rel}","templated":true}]}}