{"id":2622,"date":"2020-03-06T23:01:47","date_gmt":"2020-03-06T22:01:47","guid":{"rendered":"https:\/\/www.festicheyres.ch\/?p=2622"},"modified":"2021-06-29T00:17:49","modified_gmt":"2021-06-28T22:17:49","slug":"laffiche-2020","status":"publish","type":"post","link":"https:\/\/www.festicheyres.ch\/laffiche-2020\/","title":{"rendered":"L&rsquo;affiche 2020"},"content":{"rendered":"<p style=\"text-align: center;\"><strong>[Update : le festival 2020 est malheureusement annul\u00e9 \u00e0 cause de la crise du coronavirus]<\/strong><\/p>\n<p style=\"text-align: center;\">Voici l&rsquo;affiche 2020 qui <u>aurait d\u00fb<\/u> vous mener vers les \u00e9toiles !<\/p>\n<p>&nbsp;<\/p>\n<p><a href=\"https:\/\/www.festicheyres.ch\/wp-content\/uploads\/2020\/04\/Festicheyres_affiche_2020b.jpg\"><img loading=\"lazy\" class=\"wp-image-2623 size-large aligncenter\" src=\"https:\/\/www.festicheyres.ch\/wp-content\/uploads\/2020\/04\/Festicheyres_affiche_2020b-724x1024.jpg\" alt=\"Affiche Festi'Cheyres 2020\" width=\"724\" height=\"1024\" srcset=\"https:\/\/www.festicheyres.ch\/wp-content\/uploads\/2020\/04\/Festicheyres_affiche_2020b-724x1024.jpg 724w, https:\/\/www.festicheyres.ch\/wp-content\/uploads\/2020\/04\/Festicheyres_affiche_2020b-212x300.jpg 212w, https:\/\/www.festicheyres.ch\/wp-content\/uploads\/2020\/04\/Festicheyres_affiche_2020b-768x1086.jpg 768w, https:\/\/www.festicheyres.ch\/wp-content\/uploads\/2020\/04\/Festicheyres_affiche_2020b-1612x2279.jpg 1612w, https:\/\/www.festicheyres.ch\/wp-content\/uploads\/2020\/04\/Festicheyres_affiche_2020b-1116x1578.jpg 1116w, https:\/\/www.festicheyres.ch\/wp-content\/uploads\/2020\/04\/Festicheyres_affiche_2020b-806x1140.jpg 806w, https:\/\/www.festicheyres.ch\/wp-content\/uploads\/2020\/04\/Festicheyres_affiche_2020b-558x789.jpg 558w, https:\/\/www.festicheyres.ch\/wp-content\/uploads\/2020\/04\/Festicheyres_affiche_2020b-655x926.jpg 655w\" sizes=\"(max-width: 724px) 100vw, 724px\" \/><\/a><\/p>\n<p>&nbsp;<\/p>\n<p>&nbsp;<\/p>\n","protected":false},"excerpt":{"rendered":"<p>[Update : le festival 2020 est malheureusement annul\u00e9 \u00e0 cause de la crise du coronavirus] Voici l&rsquo;affiche 2020 qui aurait d\u00fb vous mener vers les \u00e9toiles ! &nbsp; &nbsp; &nbsp;<\/p>\n","protected":false},"author":1,"featured_media":2623,"comment_status":"closed","ping_status":"open","sticky":false,"template":"","format":"standard","meta":[],"categories":[1],"tags":[],"_links":{"self":[{"href":"https:\/\/www.festicheyres.ch\/wp-json\/wp\/v2\/posts\/2622"}],"collection":[{"href":"https:\/\/www.festicheyres.ch\/wp-json\/wp\/v2\/posts"}],"about":[{"href":"https:\/\/www.festicheyres.ch\/wp-json\/wp\/v2\/types\/post"}],"author":[{"embeddable":true,"href":"https:\/\/www.festicheyres.ch\/wp-json\/wp\/v2\/users\/1"}],"replies":[{"embeddable":true,"href":"https:\/\/www.festicheyres.ch\/wp-json\/wp\/v2\/comments?post=2622"}],"version-history":[{"count":8,"href":"https:\/\/www.festicheyres.ch\/wp-json\/wp\/v2\/posts\/2622\/revisions"}],"predecessor-version":[{"id":2853,"href":"https:\/\/www.festicheyres.ch\/wp-json\/wp\/v2\/posts\/2622\/revisions\/2853"}],"wp:featuredmedia":[{"embeddable":true,"href":"https:\/\/www.festicheyres.ch\/wp-json\/wp\/v2\/media\/2623"}],"wp:attachment":[{"href":"https:\/\/www.festicheyres.ch\/wp-json\/wp\/v2\/media?parent=2622"}],"wp:term":[{"taxonomy":"category","embeddable":true,"href":"https:\/\/www.festicheyres.ch\/wp-json\/wp\/v2\/categories?post=2622"},{"taxonomy":"post_tag","embeddable":true,"href":"https:\/\/www.festicheyres.ch\/wp-json\/wp\/v2\/tags?post=2622"}],"curies":[{"name":"wp","href":"https:\/\/api.w.org\/{rel}","templated":true}]}}