{"id":2484,"date":"2020-04-19T21:55:04","date_gmt":"2020-04-19T19:55:04","guid":{"rendered":"https:\/\/www.festicheyres.ch\/?p=2484"},"modified":"2020-04-19T22:30:02","modified_gmt":"2020-04-19T20:30:02","slug":"un-nouveau-site-web","status":"publish","type":"post","link":"https:\/\/www.festicheyres.ch\/un-nouveau-site-web\/","title":{"rendered":"Un nouveau site web !"},"content":{"rendered":"<p><strong>A d\u00e9faut de vous offrir un festival cette ann\u00e9e \u00e0 cause du virus de la couronne, nous avons le plaisir de vous pr\u00e9senter un nouveau site web, que nous sortons malgr\u00e9 tout, histoire de nous faire un tout petit peu plaisir.<\/strong><\/p>\n<p>Ce nouvel engin nous permettra de vous en jeter plein la vue pour le festival de l&rsquo;ann\u00e9e prochaine !<\/p>\n<p>A tr\u00e8s bient\u00f4t tous les incroyables !<br \/>\nTon staff et ton comit\u00e9 Festi&rsquo;Cheyres<\/p>\n<p>&nbsp;<\/p>\n<p><a href=\"https:\/\/www.festicheyres.ch\"><img loading=\"lazy\" class=\"size-large wp-image-2485 aligncenter\" src=\"https:\/\/www.festicheyres.ch\/wp-content\/uploads\/2020\/04\/festicheyres_nouveau_site_2020-1024x628.jpg\" alt=\"\" width=\"945\" height=\"580\" srcset=\"https:\/\/www.festicheyres.ch\/wp-content\/uploads\/2020\/04\/festicheyres_nouveau_site_2020-1024x628.jpg 1024w, https:\/\/www.festicheyres.ch\/wp-content\/uploads\/2020\/04\/festicheyres_nouveau_site_2020-300x184.jpg 300w, https:\/\/www.festicheyres.ch\/wp-content\/uploads\/2020\/04\/festicheyres_nouveau_site_2020-768x471.jpg 768w, https:\/\/www.festicheyres.ch\/wp-content\/uploads\/2020\/04\/festicheyres_nouveau_site_2020-1116x685.jpg 1116w, https:\/\/www.festicheyres.ch\/wp-content\/uploads\/2020\/04\/festicheyres_nouveau_site_2020-806x495.jpg 806w, https:\/\/www.festicheyres.ch\/wp-content\/uploads\/2020\/04\/festicheyres_nouveau_site_2020-558x342.jpg 558w, https:\/\/www.festicheyres.ch\/wp-content\/uploads\/2020\/04\/festicheyres_nouveau_site_2020-655x402.jpg 655w, https:\/\/www.festicheyres.ch\/wp-content\/uploads\/2020\/04\/festicheyres_nouveau_site_2020.jpg 1468w\" sizes=\"(max-width: 945px) 100vw, 945px\" \/><\/a><\/p>\n","protected":false},"excerpt":{"rendered":"<p>A d\u00e9faut de vous offrir un festival cette ann\u00e9e \u00e0 cause du virus de la couronne, nous avons le plaisir de vous pr\u00e9senter un nouveau site web, que nous sortons malgr\u00e9 tout, histoire de nous faire un tout petit peu plaisir. Ce nouvel engin nous permettra de vous en jeter plein la vue pour le<\/p>\n","protected":false},"author":1,"featured_media":2485,"comment_status":"closed","ping_status":"open","sticky":false,"template":"","format":"standard","meta":[],"categories":[1],"tags":[],"_links":{"self":[{"href":"https:\/\/www.festicheyres.ch\/wp-json\/wp\/v2\/posts\/2484"}],"collection":[{"href":"https:\/\/www.festicheyres.ch\/wp-json\/wp\/v2\/posts"}],"about":[{"href":"https:\/\/www.festicheyres.ch\/wp-json\/wp\/v2\/types\/post"}],"author":[{"embeddable":true,"href":"https:\/\/www.festicheyres.ch\/wp-json\/wp\/v2\/users\/1"}],"replies":[{"embeddable":true,"href":"https:\/\/www.festicheyres.ch\/wp-json\/wp\/v2\/comments?post=2484"}],"version-history":[{"count":3,"href":"https:\/\/www.festicheyres.ch\/wp-json\/wp\/v2\/posts\/2484\/revisions"}],"predecessor-version":[{"id":2496,"href":"https:\/\/www.festicheyres.ch\/wp-json\/wp\/v2\/posts\/2484\/revisions\/2496"}],"wp:featuredmedia":[{"embeddable":true,"href":"https:\/\/www.festicheyres.ch\/wp-json\/wp\/v2\/media\/2485"}],"wp:attachment":[{"href":"https:\/\/www.festicheyres.ch\/wp-json\/wp\/v2\/media?parent=2484"}],"wp:term":[{"taxonomy":"category","embeddable":true,"href":"https:\/\/www.festicheyres.ch\/wp-json\/wp\/v2\/categories?post=2484"},{"taxonomy":"post_tag","embeddable":true,"href":"https:\/\/www.festicheyres.ch\/wp-json\/wp\/v2\/tags?post=2484"}],"curies":[{"name":"wp","href":"https:\/\/api.w.org\/{rel}","templated":true}]}}