{"id":2476,"date":"2020-04-19T21:43:53","date_gmt":"2020-04-19T19:43:53","guid":{"rendered":"https:\/\/www.festicheyres.ch\/?p=2476"},"modified":"2020-04-22T22:33:16","modified_gmt":"2020-04-22T20:33:16","slug":"2020-annule","status":"publish","type":"post","link":"https:\/\/www.festicheyres.ch\/2020-annule\/","title":{"rendered":"Pas d&rsquo;\u00e9dition 2020 pour le Plus Gratuit des Incroyables"},"content":{"rendered":"<p><strong>Face \u00e0 la situation extraordinaire \u00e0 laquelle nous sommes confront\u00e9s actuellement, le comit\u00e9 de Festi\u2019Cheyres a examin\u00e9 la faisabilit\u00e9 et les conditions de r\u00e9alisation de l\u2019\u00e9dition 2020 du Plus Gratuit des Incroyables.<\/strong><\/p>\n<p>A grand regret, nous avons alors estim\u00e9 qu\u2019il n\u2019est pas possible de pouvoir envisager sereinement cette \u00e9dition. En effet, pour plusieurs raisons et essentiellement des questions d\u2019ordre sanitaires et financi\u00e8res, il semble extr\u00eamement compliqu\u00e9 et risqu\u00e9 de mettre sur pied cette 14<sup>\u00e8me<\/sup> \u00e9dition dans de bonnes conditions, tant pour les organisateurs que les festivaliers.<\/p>\n<p>Festi\u2019Cheyres a toujours fait preuve de prudence dans ses prises de d\u00e9cision et son \u00e9volution. Poursuivant sur cette lign\u00e9e, nous avons pris la difficile d\u00e9cision d\u2019annuler cette \u00e9dition 2020, afin de pouvoir p\u00e9renniser le futur du festival et de l\u2019association.<\/p>\n<p>Le comit\u00e9 tient \u00e0 remercier chaleureusement tous les pr\u00e9cieux soutiens sur lesquels Festi&rsquo;Cheyres peut compter d&rsquo;ann\u00e9e en ann\u00e9e, ainsi que tous les gens qui avaient d\u00e9j\u00e0 beaucoup oeuvr\u00e9 \u00e0 la bonne marche de cette \u00e9dition 2020.<\/p>\n<p>Toute l\u2019\u00e9quipe d\u2019organisation rassure les festivaliers, et promet d\u00e9j\u00e0 de revenir plus forte, plus soud\u00e9e et plus motiv\u00e9e que jamais pour mettre sur pied une 14<sup>\u00e8me<\/sup> \u00e9dition d\u2019anthologie en 2021\u00a0!<\/p>\n<p>Le comit\u00e9 reste \u00e9videmment \u00e0 disposition pour plus d\u2019infos ou juste pour discuter. N&rsquo;h\u00e9sitez pas \u00e0 nous <a href=\"https:\/\/www.festicheyres.ch\/accueil\/contact\/\">contacter<\/a> ou \u00e0 nous <a href=\"https:\/\/www.festicheyres.ch\/accueil\/equipe\/\">rejoindre<\/a> pour organiser l&rsquo;\u00e9dition 2021 !<\/p>\n<p>A tr\u00e8s bient\u00f4t !<br \/>\nVotre d\u00e9vou\u00e9 comit\u00e9 Festi&rsquo;Cheyres<br \/>\n<em>20 avril 2020<\/em><\/p>\n<p>&nbsp;<\/p>\n<p style=\"text-align: center;\"><a href=\"https:\/\/www.festicheyres.ch\/wp-content\/uploads\/2020\/04\/masque.jpg\"><img loading=\"lazy\" class=\"alignnone size-large wp-image-2632\" src=\"https:\/\/www.festicheyres.ch\/wp-content\/uploads\/2020\/04\/masque-1024x538.jpg\" alt=\"\" width=\"945\" height=\"496\" srcset=\"https:\/\/www.festicheyres.ch\/wp-content\/uploads\/2020\/04\/masque-1024x538.jpg 1024w, https:\/\/www.festicheyres.ch\/wp-content\/uploads\/2020\/04\/masque-300x158.jpg 300w, https:\/\/www.festicheyres.ch\/wp-content\/uploads\/2020\/04\/masque-768x403.jpg 768w, https:\/\/www.festicheyres.ch\/wp-content\/uploads\/2020\/04\/masque-1116x586.jpg 1116w, https:\/\/www.festicheyres.ch\/wp-content\/uploads\/2020\/04\/masque-806x423.jpg 806w, https:\/\/www.festicheyres.ch\/wp-content\/uploads\/2020\/04\/masque-558x293.jpg 558w, https:\/\/www.festicheyres.ch\/wp-content\/uploads\/2020\/04\/masque-655x344.jpg 655w, https:\/\/www.festicheyres.ch\/wp-content\/uploads\/2020\/04\/masque.jpg 1200w\" sizes=\"(max-width: 945px) 100vw, 945px\" \/><\/a><\/p>\n","protected":false},"excerpt":{"rendered":"<p>Face \u00e0 la situation extraordinaire \u00e0 laquelle nous sommes confront\u00e9s actuellement, le comit\u00e9 de Festi\u2019Cheyres a examin\u00e9 la faisabilit\u00e9 et les conditions de r\u00e9alisation de l\u2019\u00e9dition 2020 du Plus Gratuit des Incroyables. A grand regret, nous avons alors estim\u00e9 qu\u2019il n\u2019est pas possible de pouvoir envisager sereinement cette \u00e9dition. En effet, pour plusieurs raisons et<\/p>\n","protected":false},"author":1,"featured_media":2632,"comment_status":"closed","ping_status":"open","sticky":false,"template":"","format":"standard","meta":[],"categories":[1],"tags":[],"_links":{"self":[{"href":"https:\/\/www.festicheyres.ch\/wp-json\/wp\/v2\/posts\/2476"}],"collection":[{"href":"https:\/\/www.festicheyres.ch\/wp-json\/wp\/v2\/posts"}],"about":[{"href":"https:\/\/www.festicheyres.ch\/wp-json\/wp\/v2\/types\/post"}],"author":[{"embeddable":true,"href":"https:\/\/www.festicheyres.ch\/wp-json\/wp\/v2\/users\/1"}],"replies":[{"embeddable":true,"href":"https:\/\/www.festicheyres.ch\/wp-json\/wp\/v2\/comments?post=2476"}],"version-history":[{"count":14,"href":"https:\/\/www.festicheyres.ch\/wp-json\/wp\/v2\/posts\/2476\/revisions"}],"predecessor-version":[{"id":2772,"href":"https:\/\/www.festicheyres.ch\/wp-json\/wp\/v2\/posts\/2476\/revisions\/2772"}],"wp:featuredmedia":[{"embeddable":true,"href":"https:\/\/www.festicheyres.ch\/wp-json\/wp\/v2\/media\/2632"}],"wp:attachment":[{"href":"https:\/\/www.festicheyres.ch\/wp-json\/wp\/v2\/media?parent=2476"}],"wp:term":[{"taxonomy":"category","embeddable":true,"href":"https:\/\/www.festicheyres.ch\/wp-json\/wp\/v2\/categories?post=2476"},{"taxonomy":"post_tag","embeddable":true,"href":"https:\/\/www.festicheyres.ch\/wp-json\/wp\/v2\/tags?post=2476"}],"curies":[{"name":"wp","href":"https:\/\/api.w.org\/{rel}","templated":true}]}}