{"id":2473,"date":"2019-08-06T00:42:42","date_gmt":"2019-08-05T22:42:42","guid":{"rendered":"https:\/\/www.festicheyres.ch\/?p=2473"},"modified":"2020-04-12T22:57:28","modified_gmt":"2020-04-12T20:57:28","slug":"2019-merci","status":"publish","type":"post","link":"https:\/\/www.festicheyres.ch\/2019-merci\/","title":{"rendered":"Juste MERCI \u00e0 tous pour l&rsquo;\u00e9dition 2019 !"},"content":{"rendered":"<p>Un \u00e9norme merci \u00e0 tous les gens qui ont oeuvr\u00e9 et particip\u00e9 \u00e0 cette magnifique \u00e9dition. Ce message est pour vous tous. On vous aime !<\/p>\n<p>Votre comit\u00e9 Festi&rsquo;Cheyres<\/p>\n<p>&nbsp;<\/p>\n<p><a href=\"https:\/\/www.festicheyres.ch\/wp-content\/uploads\/2019\/12\/festicheyres2019-remerciements.jpg\"><img loading=\"lazy\" class=\"size-large wp-image-2175 aligncenter\" src=\"https:\/\/www.festicheyres.ch\/wp-content\/uploads\/2019\/12\/festicheyres2019-remerciements-724x1024.jpg\" alt=\"festicheyres2019-remerciements\" width=\"724\" height=\"1024\" srcset=\"https:\/\/www.festicheyres.ch\/wp-content\/uploads\/2019\/12\/festicheyres2019-remerciements-724x1024.jpg 724w, https:\/\/www.festicheyres.ch\/wp-content\/uploads\/2019\/12\/festicheyres2019-remerciements-212x300.jpg 212w, https:\/\/www.festicheyres.ch\/wp-content\/uploads\/2019\/12\/festicheyres2019-remerciements-768x1086.jpg 768w, https:\/\/www.festicheyres.ch\/wp-content\/uploads\/2019\/12\/festicheyres2019-remerciements-1116x1578.jpg 1116w, https:\/\/www.festicheyres.ch\/wp-content\/uploads\/2019\/12\/festicheyres2019-remerciements-806x1139.jpg 806w, https:\/\/www.festicheyres.ch\/wp-content\/uploads\/2019\/12\/festicheyres2019-remerciements-558x789.jpg 558w, https:\/\/www.festicheyres.ch\/wp-content\/uploads\/2019\/12\/festicheyres2019-remerciements-655x926.jpg 655w, https:\/\/www.festicheyres.ch\/wp-content\/uploads\/2019\/12\/festicheyres2019-remerciements.jpg 1240w\" sizes=\"(max-width: 724px) 100vw, 724px\" \/><\/a><\/p>\n","protected":false},"excerpt":{"rendered":"<p>Un \u00e9norme merci \u00e0 tous les gens qui ont oeuvr\u00e9 et particip\u00e9 \u00e0 cette magnifique \u00e9dition. Ce message est pour vous tous. On vous aime ! Votre comit\u00e9 Festi&rsquo;Cheyres &nbsp;<\/p>\n","protected":false},"author":1,"featured_media":2175,"comment_status":"closed","ping_status":"open","sticky":false,"template":"","format":"standard","meta":[],"categories":[1],"tags":[],"_links":{"self":[{"href":"https:\/\/www.festicheyres.ch\/wp-json\/wp\/v2\/posts\/2473"}],"collection":[{"href":"https:\/\/www.festicheyres.ch\/wp-json\/wp\/v2\/posts"}],"about":[{"href":"https:\/\/www.festicheyres.ch\/wp-json\/wp\/v2\/types\/post"}],"author":[{"embeddable":true,"href":"https:\/\/www.festicheyres.ch\/wp-json\/wp\/v2\/users\/1"}],"replies":[{"embeddable":true,"href":"https:\/\/www.festicheyres.ch\/wp-json\/wp\/v2\/comments?post=2473"}],"version-history":[{"count":6,"href":"https:\/\/www.festicheyres.ch\/wp-json\/wp\/v2\/posts\/2473\/revisions"}],"predecessor-version":[{"id":2499,"href":"https:\/\/www.festicheyres.ch\/wp-json\/wp\/v2\/posts\/2473\/revisions\/2499"}],"wp:featuredmedia":[{"embeddable":true,"href":"https:\/\/www.festicheyres.ch\/wp-json\/wp\/v2\/media\/2175"}],"wp:attachment":[{"href":"https:\/\/www.festicheyres.ch\/wp-json\/wp\/v2\/media?parent=2473"}],"wp:term":[{"taxonomy":"category","embeddable":true,"href":"https:\/\/www.festicheyres.ch\/wp-json\/wp\/v2\/categories?post=2473"},{"taxonomy":"post_tag","embeddable":true,"href":"https:\/\/www.festicheyres.ch\/wp-json\/wp\/v2\/tags?post=2473"}],"curies":[{"name":"wp","href":"https:\/\/api.w.org\/{rel}","templated":true}]}}